{"id":513,"date":"2016-11-26T18:00:14","date_gmt":"2016-11-26T18:00:14","guid":{"rendered":"https:\/\/dreamlions.ch\/en-pointe\/?p=513"},"modified":"2020-10-24T09:03:35","modified_gmt":"2020-10-24T09:03:35","slug":"btb-open-day","status":"publish","type":"post","link":"https:\/\/dreamlions.ch\/en-pointe\/2016\/11\/26\/btb-open-day\/","title":{"rendered":"BTB &#8222;open day&#8220; 2016"},"content":{"rendered":"\n<p>Jeden Herbst veranstaltet die Ballettschule beider Basel ein &#8222;open day&#8220;. Dort d\u00fcrfen die besten T\u00e4nzer ihr K\u00f6nnen pr\u00e4sentieren und so hoffentlich neue potenzielle T\u00e4nzer\/innen glustig machen.<\/p>\n\n\n\n<p>Nun, wir alle h\u00e4tten niemals gedacht, dass ich bereits im 1. Jahr zu diesen wenig auserw\u00e4hlten z\u00e4hle und die Ballettschule repr\u00e4sentieren darf. Ich durfte mit einigen wenigen aus meiner Klasse die &#8222;open days&#8220; meiner Kategorie pr\u00e4sentieren. Da war ich sehr stolz. Va. hat es mich auch unglaublich gefreut, dass ich so meinen Eltern auch ein paar Dinge von mir im Ballettsaal zeigen konnte.<\/p>\n\n\n\n<figure class=\"wp-block-gallery columns-2 is-cropped wp-block-gallery-1 is-layout-flex wp-block-gallery-is-layout-flex\"><ul class=\"blocks-gallery-grid\"><li class=\"blocks-gallery-item\"><figure><a href=\"https:\/\/dreamlions.ch\/en-pointe\/wp-content\/uploads\/2020\/09\/open-day-01.jpg\"><img loading=\"lazy\" decoding=\"async\" width=\"1024\" height=\"576\" src=\"https:\/\/dreamlions.ch\/en-pointe\/wp-content\/uploads\/2020\/09\/open-day-01-1024x576.jpg\" alt=\"\" data-id=\"515\" data-full-url=\"https:\/\/dreamlions.ch\/en-pointe\/wp-content\/uploads\/2020\/09\/open-day-01.jpg\" data-link=\"https:\/\/dreamlions.ch\/en-pointe\/2016\/11\/26\/btb-open-day\/open-day-01\/\" class=\"wp-image-515\" srcset=\"https:\/\/www.dreamlions.ch\/en-pointe\/wp-content\/uploads\/2020\/09\/open-day-01-1024x576.jpg 1024w, https:\/\/www.dreamlions.ch\/en-pointe\/wp-content\/uploads\/2020\/09\/open-day-01-300x169.jpg 300w, https:\/\/www.dreamlions.ch\/en-pointe\/wp-content\/uploads\/2020\/09\/open-day-01-768x432.jpg 768w, https:\/\/www.dreamlions.ch\/en-pointe\/wp-content\/uploads\/2020\/09\/open-day-01-1536x864.jpg 1536w, https:\/\/www.dreamlions.ch\/en-pointe\/wp-content\/uploads\/2020\/09\/open-day-01.jpg 1800w\" sizes=\"auto, (max-width: 1024px) 100vw, 1024px\" \/><\/a><\/figure><\/li><li class=\"blocks-gallery-item\"><figure><a href=\"https:\/\/dreamlions.ch\/en-pointe\/wp-content\/uploads\/2020\/09\/open-day-02.jpg\"><img loading=\"lazy\" decoding=\"async\" width=\"1024\" height=\"768\" src=\"https:\/\/dreamlions.ch\/en-pointe\/wp-content\/uploads\/2020\/09\/open-day-02-1024x768.jpg\" alt=\"\" data-id=\"516\" data-full-url=\"https:\/\/dreamlions.ch\/en-pointe\/wp-content\/uploads\/2020\/09\/open-day-02.jpg\" data-link=\"https:\/\/dreamlions.ch\/en-pointe\/2016\/11\/26\/btb-open-day\/open-day-02\/\" class=\"wp-image-516\" srcset=\"https:\/\/www.dreamlions.ch\/en-pointe\/wp-content\/uploads\/2020\/09\/open-day-02-1024x768.jpg 1024w, https:\/\/www.dreamlions.ch\/en-pointe\/wp-content\/uploads\/2020\/09\/open-day-02-300x225.jpg 300w, https:\/\/www.dreamlions.ch\/en-pointe\/wp-content\/uploads\/2020\/09\/open-day-02-768x576.jpg 768w, https:\/\/www.dreamlions.ch\/en-pointe\/wp-content\/uploads\/2020\/09\/open-day-02-1536x1152.jpg 1536w, https:\/\/www.dreamlions.ch\/en-pointe\/wp-content\/uploads\/2020\/09\/open-day-02.jpg 1800w\" sizes=\"auto, (max-width: 1024px) 100vw, 1024px\" \/><\/a><\/figure><\/li><\/ul><\/figure>\n","protected":false},"excerpt":{"rendered":"<p>Jeden Herbst veranstaltet die Ballettschule beider Basel ein &#8222;open day&#8220;. Dort d\u00fcrfen die besten T\u00e4nzer ihr K\u00f6nnen pr\u00e4sentieren und so hoffentlich neue potenzielle T\u00e4nzer\/innen glustig&hellip; <\/p>\n","protected":false},"author":3,"featured_media":516,"comment_status":"closed","ping_status":"open","sticky":false,"template":"","format":"standard","meta":{"footnotes":""},"categories":[16,28],"tags":[17],"class_list":["post-513","post","type-post","status-publish","format-standard","has-post-thumbnail","hentry","category-ballett","category-gallery","tag-ballett"],"_links":{"self":[{"href":"https:\/\/dreamlions.ch\/en-pointe\/wp-json\/wp\/v2\/posts\/513","targetHints":{"allow":["GET"]}}],"collection":[{"href":"https:\/\/dreamlions.ch\/en-pointe\/wp-json\/wp\/v2\/posts"}],"about":[{"href":"https:\/\/dreamlions.ch\/en-pointe\/wp-json\/wp\/v2\/types\/post"}],"author":[{"embeddable":true,"href":"https:\/\/dreamlions.ch\/en-pointe\/wp-json\/wp\/v2\/users\/3"}],"replies":[{"embeddable":true,"href":"https:\/\/dreamlions.ch\/en-pointe\/wp-json\/wp\/v2\/comments?post=513"}],"version-history":[{"count":5,"href":"https:\/\/dreamlions.ch\/en-pointe\/wp-json\/wp\/v2\/posts\/513\/revisions"}],"predecessor-version":[{"id":745,"href":"https:\/\/dreamlions.ch\/en-pointe\/wp-json\/wp\/v2\/posts\/513\/revisions\/745"}],"wp:featuredmedia":[{"embeddable":true,"href":"https:\/\/dreamlions.ch\/en-pointe\/wp-json\/wp\/v2\/media\/516"}],"wp:attachment":[{"href":"https:\/\/dreamlions.ch\/en-pointe\/wp-json\/wp\/v2\/media?parent=513"}],"wp:term":[{"taxonomy":"category","embeddable":true,"href":"https:\/\/dreamlions.ch\/en-pointe\/wp-json\/wp\/v2\/categories?post=513"},{"taxonomy":"post_tag","embeddable":true,"href":"https:\/\/dreamlions.ch\/en-pointe\/wp-json\/wp\/v2\/tags?post=513"}],"curies":[{"name":"wp","href":"https:\/\/api.w.org\/{rel}","templated":true}]}}